{"id":417,"date":"2011-08-18T00:06:59","date_gmt":"2011-08-18T00:06:59","guid":{"rendered":"http:\/\/www.encontraitanhaem.com.br\/noticias\/?p=417"},"modified":"2013-08-14T04:32:33","modified_gmt":"2013-08-14T04:32:33","slug":"segunda-fase-da-campanha-de-vacinacao-contra-a-polio-e-prorrogada-em-itanhaem","status":"publish","type":"post","link":"https:\/\/www.encontraitanhaem.com.br\/noticias\/segunda-fase-da-campanha-de-vacinacao-contra-a-polio-e-prorrogada-em-itanhaem\/","title":{"rendered":"Segunda fase da Campanha de Vacina\u00e7\u00e3o contra a p\u00f3lio \u00e9 prorrogada em Itanha\u00e9m"},"content":{"rendered":"<p>A Secretaria Municipal de Sa\u00fade de Itanha\u00e9m prorrogou at\u00e9 o pr\u00f3ximo dia 25 a Campanha de Vacina\u00e7\u00e3o contra a poliomielite. Dever\u00e3o ser levadas \u00e0s salas de vacina\u00e7\u00e3o crian\u00e7as com idade entre 0 e 4 anos, 11 meses e 29 dias, que receber\u00e3o as duas gotas da vacina Sabin, contra paralisia infantil. Al\u00e9m disso, haver\u00e1 atualiza\u00e7\u00e3o de eventuais doses em atraso na caderneta.<\/p>\n<p>As aplica\u00e7\u00f5es estar\u00e3o dispon\u00edveis em sete Unidades de Sa\u00fade da Fam\u00edlia e no Cescrim Paula Vegas, das 8 \u00e0s 17 horas. Segundo dados da Secretaria de Sa\u00fade, o Munic\u00edpio j\u00e1 vacinou 92,20% do p\u00fablico-alvo da campanha, sendo que a meta \u00e9 de 95%.<\/p>\n<p><em>Fonte: Prefeitura de Itanha\u00e9m<\/em><\/p>\n","protected":false},"excerpt":{"rendered":"<p>A Secretaria Municipal de Sa\u00fade de Itanha\u00e9m prorrogou at\u00e9 o pr\u00f3ximo dia 25 a Campanha de Vacina\u00e7\u00e3o contra a poliomielite. Dever\u00e3o ser levadas \u00e0s salas de vacina\u00e7\u00e3o crian\u00e7as com idade entre 0 e 4 anos, 11 meses e 29 dias, que receber\u00e3o as duas gotas da vacina Sabin, contra paralisia infantil. Al\u00e9m disso, haver\u00e1 atualiza\u00e7\u00e3o [&hellip;]<\/p>\n","protected":false},"author":1,"featured_media":0,"comment_status":"open","ping_status":"open","sticky":false,"template":"","format":"standard","meta":{"footnotes":""},"categories":[6],"tags":[],"_links":{"self":[{"href":"https:\/\/www.encontraitanhaem.com.br\/noticias\/wp-json\/wp\/v2\/posts\/417"}],"collection":[{"href":"https:\/\/www.encontraitanhaem.com.br\/noticias\/wp-json\/wp\/v2\/posts"}],"about":[{"href":"https:\/\/www.encontraitanhaem.com.br\/noticias\/wp-json\/wp\/v2\/types\/post"}],"author":[{"embeddable":true,"href":"https:\/\/www.encontraitanhaem.com.br\/noticias\/wp-json\/wp\/v2\/users\/1"}],"replies":[{"embeddable":true,"href":"https:\/\/www.encontraitanhaem.com.br\/noticias\/wp-json\/wp\/v2\/comments?post=417"}],"version-history":[{"count":0,"href":"https:\/\/www.encontraitanhaem.com.br\/noticias\/wp-json\/wp\/v2\/posts\/417\/revisions"}],"wp:attachment":[{"href":"https:\/\/www.encontraitanhaem.com.br\/noticias\/wp-json\/wp\/v2\/media?parent=417"}],"wp:term":[{"taxonomy":"category","embeddable":true,"href":"https:\/\/www.encontraitanhaem.com.br\/noticias\/wp-json\/wp\/v2\/categories?post=417"},{"taxonomy":"post_tag","embeddable":true,"href":"https:\/\/www.encontraitanhaem.com.br\/noticias\/wp-json\/wp\/v2\/tags?post=417"}],"curies":[{"name":"wp","href":"https:\/\/api.w.org\/{rel}","templated":true}]}}